{"id":7339,"date":"2022-07-02T20:31:01","date_gmt":"2022-07-02T18:31:01","guid":{"rendered":"https:\/\/rabat-comedy.com\/?p=7339"},"modified":"2024-05-11T19:06:14","modified_gmt":"2024-05-11T17:06:14","slug":"communique-du-palmares-2022","status":"publish","type":"post","link":"https:\/\/rabat-comedy.com\/?p=7339","title":{"rendered":"Communique\u0301 du palmare\u0300s 2022"},"content":{"rendered":"<p>[vc_row][vc_column][vc_column_text][\/vc_column_text][\/vc_column][\/vc_row]<\/p>\n","protected":false},"excerpt":{"rendered":"<p>[vc_row][vc_column][vc_column_text][\/vc_column_text][\/vc_column][\/vc_row]<\/p>\n","protected":false},"author":1,"featured_media":7342,"comment_status":"closed","ping_status":"open","sticky":false,"template":"","format":"standard","meta":{"_acf_changed":false,"spay_email":"","footnotes":""},"categories":[187,37],"tags":[],"class_list":["post-7339","post","type-post","status-publish","format-standard","has-post-thumbnail","hentry","category-act_22","category-actualites"],"acf":[],"jetpack_featured_media_url":"https:\/\/rabat-comedy.com\/wp-content\/uploads\/2022\/07\/Communique\u0301-du-palmare\u0300s-en-FR.jpg","jetpack-related-posts":[{"id":7617,"url":"https:\/\/rabat-comedy.com\/?p=7617","url_meta":{"origin":7339,"position":0},"title":"Palmar\u00e8s de la 3\u00e8me \u00e9dition du Festival International du Film Rabat-Comedy","date":"9 juillet 2022","format":false,"excerpt":"[vc_row][vc_column][vc_column_text][\/vc_column_text][\/vc_column][\/vc_row]","rel":"","context":"Dans &quot;Act_22&quot;","img":{"alt_text":"","src":"https:\/\/i0.wp.com\/rabat-comedy.com\/wp-content\/uploads\/2022\/06\/FR-1.jpg?resize=350%2C200&ssl=1","width":350,"height":200},"classes":[]},{"id":9951,"url":"https:\/\/rabat-comedy.com\/?p=9951","url_meta":{"origin":7339,"position":1},"title":"Palmar\u00e8s de la 6\u00e8me \u00e9dition du Festival International du Film Rabat-Comedy","date":"13 juillet 2025","format":false,"excerpt":"[vc_row][vc_column][vc_column_text][\/vc_column_text][\/vc_column][\/vc_row]","rel":"","context":"Dans &quot;Act_25&quot;","img":{"alt_text":"","src":"https:\/\/i0.wp.com\/rabat-comedy.com\/wp-content\/uploads\/2025\/05\/POSTER-Rabat-Comedy-2025-V1-1.jpg?resize=350%2C200&ssl=1","width":350,"height":200},"classes":[]},{"id":8152,"url":"https:\/\/rabat-comedy.com\/?p=8152","url_meta":{"origin":7339,"position":2},"title":"Palmar\u00e8s de la 4\u00e8me \u00e9dition du Festival International du Film Rabat-Comedy","date":"23 juin 2023","format":false,"excerpt":"","rel":"","context":"Dans &quot;Act_23&quot;","img":{"alt_text":"","src":"https:\/\/i0.wp.com\/rabat-comedy.com\/wp-content\/uploads\/2023\/06\/Poster-RABAT-COMEDY-2023-Final-1.jpg?resize=350%2C200&ssl=1","width":350,"height":200},"classes":[]},{"id":8924,"url":"https:\/\/rabat-comedy.com\/?p=8924","url_meta":{"origin":7339,"position":3},"title":"Palmar\u00e8s de la 5\u00e8me \u00e9dition du Festival International du Film Rabat-Comedy","date":"15 juin 2024","format":false,"excerpt":"[vc_row][vc_column][vc_column_text][\/vc_column_text][\/vc_column][\/vc_row]","rel":"","context":"Dans &quot;Act_24&quot;","img":{"alt_text":"","src":"https:\/\/i0.wp.com\/rabat-comedy.com\/wp-content\/uploads\/2024\/05\/Poster-RABAT-COMEDY-2024-1-scaled-1.jpg?resize=350%2C200&ssl=1","width":350,"height":200},"classes":[]},{"id":7215,"url":"https:\/\/rabat-comedy.com\/?p=7215","url_meta":{"origin":7339,"position":4},"title":"COMMUNIQUE DE PRESSE N\u00b02 \u00c9dition 2022","date":"17 juin 2022","format":false,"excerpt":"[vc_row][vc_column][vc_column_text][\/vc_column_text][\/vc_column][\/vc_row]","rel":"","context":"Dans &quot;Act_22&quot;","img":{"alt_text":"","src":"https:\/\/i0.wp.com\/rabat-comedy.com\/wp-content\/uploads\/2022\/06\/FR-1.jpg?resize=350%2C200&ssl=1","width":350,"height":200},"classes":[]},{"id":7023,"url":"https:\/\/rabat-comedy.com\/?p=7023","url_meta":{"origin":7339,"position":5},"title":"COMMUNIQUE DE PRESSE \u00c9dition 2022","date":"3 juin 2022","format":false,"excerpt":"","rel":"","context":"Dans &quot;Act_22&quot;","img":{"alt_text":"","src":"https:\/\/i0.wp.com\/rabat-comedy.com\/wp-content\/uploads\/2022\/06\/FR-1.jpg?resize=350%2C200&ssl=1","width":350,"height":200},"classes":[]}],"_links":{"self":[{"href":"https:\/\/rabat-comedy.com\/index.php?rest_route=\/wp\/v2\/posts\/7339","targetHints":{"allow":["GET"]}}],"collection":[{"href":"https:\/\/rabat-comedy.com\/index.php?rest_route=\/wp\/v2\/posts"}],"about":[{"href":"https:\/\/rabat-comedy.com\/index.php?rest_route=\/wp\/v2\/types\/post"}],"author":[{"embeddable":true,"href":"https:\/\/rabat-comedy.com\/index.php?rest_route=\/wp\/v2\/users\/1"}],"replies":[{"embeddable":true,"href":"https:\/\/rabat-comedy.com\/index.php?rest_route=%2Fwp%2Fv2%2Fcomments&post=7339"}],"version-history":[{"count":1,"href":"https:\/\/rabat-comedy.com\/index.php?rest_route=\/wp\/v2\/posts\/7339\/revisions"}],"predecessor-version":[{"id":7343,"href":"https:\/\/rabat-comedy.com\/index.php?rest_route=\/wp\/v2\/posts\/7339\/revisions\/7343"}],"wp:featuredmedia":[{"embeddable":true,"href":"https:\/\/rabat-comedy.com\/index.php?rest_route=\/wp\/v2\/media\/7342"}],"wp:attachment":[{"href":"https:\/\/rabat-comedy.com\/index.php?rest_route=%2Fwp%2Fv2%2Fmedia&parent=7339"}],"wp:term":[{"taxonomy":"category","embeddable":true,"href":"https:\/\/rabat-comedy.com\/index.php?rest_route=%2Fwp%2Fv2%2Fcategories&post=7339"},{"taxonomy":"post_tag","embeddable":true,"href":"https:\/\/rabat-comedy.com\/index.php?rest_route=%2Fwp%2Fv2%2Ftags&post=7339"}],"curies":[{"name":"wp","href":"https:\/\/api.w.org\/{rel}","templated":true}]}}